{"id":2577,"date":"2016-05-06T19:18:41","date_gmt":"2016-05-06T19:18:41","guid":{"rendered":"https:\/\/traductionquebec.com\/non-classifiee\/regles-decriture-des-mots-formes-avec-un-prefixe\/"},"modified":"2016-05-06T19:18:41","modified_gmt":"2016-05-06T19:18:41","slug":"regles-decriture-des-mots-formes-avec-un-prefixe","status":"publish","type":"post","link":"https:\/\/traductionquebec.com\/en\/domaine-de-la-traduction-en\/regles-decriture-des-mots-formes-avec-un-prefixe\/","title":{"rendered":"R\u00e8gles d&#8217;\u00e9criture des mots form\u00e9s avec un pr\u00e9fixe"},"content":{"rendered":"<p>Quelles sont les r\u00e8gles qui concernent l\u2019\u00e9criture des mots form\u00e9s avec un pr\u00e9fixe ou un \u00e9l\u00e9ment grec ou latin? Doit-on ou non recourir au trait d\u2019union? Si oui, dans quel contexte? Et o\u00f9 doit-on inscrire la marque du pluriel lorsque nous sommes en pr\u00e9sence d\u2019un mot compos\u00e9?<\/p>\n<h2>Mots form\u00e9s avec un pr\u00e9fixe<\/h2>\n<p><strong>R\u00e8gle g\u00e9n\u00e9rale<\/strong><span style=\"line-height: 1.5;\"> <\/span><\/p>\n<p><a href=\"http:\/\/http:\/\/traductionquebec.com\/wp-content\/uploads\/2016\/05\/regles-ecriture-des-mots-formes-avec-un-prefixe-minigolf.jpg\"><img decoding=\"async\" loading=\"lazy\" class=\"alignleft size-medium wp-image-1697 portfolio-lazyLoad\" src=\"http:\/\/http:\/\/traductionquebec.com\/wp-content\/uploads\/2016\/05\/regles-ecriture-des-mots-formes-avec-un-prefixe-minigolf-300x200.jpg\" data-original=\"http:\/\/http:\/\/traductionquebec.com\/wp-content\/uploads\/2016\/05\/regles-ecriture-des-mots-formes-avec-un-prefixe-minigolf-300x200.jpg\" alt=\"regles-ecriture-des-mots-formes-avec-un-prefixe-minigolf\" width=\"300\" height=\"200\" srcset=\"https:\/\/traductionquebec.com\/wp-content\/uploads\/2016\/05\/regles-ecriture-des-mots-formes-avec-un-prefixe-minigolf-300x200.jpg 300w, https:\/\/traductionquebec.com\/wp-content\/uploads\/2016\/05\/regles-ecriture-des-mots-formes-avec-un-prefixe-minigolf-768x512.jpg 768w, https:\/\/traductionquebec.com\/wp-content\/uploads\/2016\/05\/regles-ecriture-des-mots-formes-avec-un-prefixe-minigolf-1024x683.jpg 1024w, https:\/\/traductionquebec.com\/wp-content\/uploads\/2016\/05\/regles-ecriture-des-mots-formes-avec-un-prefixe-minigolf.jpg 1500w\" sizes=\"(max-width: 300px) 100vw, 300px\" \/><noscript><img decoding=\"async\" loading=\"lazy\" class=\"alignleft size-medium wp-image-1697 portfolio-lazyLoad\" src=\"http:\/\/http:\/\/traductionquebec.com\/wp-content\/uploads\/2016\/05\/regles-ecriture-des-mots-formes-avec-un-prefixe-minigolf-300x200.jpg\" alt=\"regles-ecriture-des-mots-formes-avec-un-prefixe-minigolf\" width=\"300\" height=\"200\" srcset=\"https:\/\/traductionquebec.com\/wp-content\/uploads\/2016\/05\/regles-ecriture-des-mots-formes-avec-un-prefixe-minigolf-300x200.jpg 300w, https:\/\/traductionquebec.com\/wp-content\/uploads\/2016\/05\/regles-ecriture-des-mots-formes-avec-un-prefixe-minigolf-768x512.jpg 768w, https:\/\/traductionquebec.com\/wp-content\/uploads\/2016\/05\/regles-ecriture-des-mots-formes-avec-un-prefixe-minigolf-1024x683.jpg 1024w, https:\/\/traductionquebec.com\/wp-content\/uploads\/2016\/05\/regles-ecriture-des-mots-formes-avec-un-prefixe-minigolf.jpg 1500w\" sizes=\"(max-width: 300px) 100vw, 300px\" \/><\/noscript><\/a>De fa\u00e7on g\u00e9n\u00e9rale, les \u00e9l\u00e9ments qui entrent dans la composition sont soud\u00e9s (<em><u>anti<\/u>dopage<\/em>, <em><u>\u00e9co<\/u>tourisme<\/em>, <em><u>cyber<\/u>entreprise<\/em>, <em><u>mini<\/u>golf<\/em>, <em><u>multi<\/u>ethnique<\/em>), mais certains cas de figure font en sorte qu\u2019il est n\u00e9cessaire de recourir au trait d\u2019union, notamment pour \u00e9viter des probl\u00e8mes de lecture et de prononciation. On peut d\u2019embl\u00e9e retenir que les mots form\u00e9s \u00e0 partir de <em>mi-<\/em> et de <em>vice-<\/em> prennent toujours un trait d\u2019union : <em>mi-session<\/em>, <em>vice-pr\u00e9sident<\/em>, etc.<\/p>\n<p><strong>Lorsque deux voyelles identiques se suivent<\/strong><strong> <\/strong><\/p>\n<p>Si deux voyelles identiques se suivent, le trait d\u2019union est obligatoire.<\/p>\n<p><em>ant<u>i-i<\/u>nflammatoire<\/em> et non *<em>ant<u>ii<\/u>nflammatoire<\/em><\/p>\n<p><em>extr<u>a-a<\/u>tmosph\u00e9rique<\/em> et non *<em>extr<u>aa<\/u>tmosph\u00e9rique<\/em><\/p>\n<p><strong>Lorsque deux voyelles peuvent \u00eatre lues comme une syllabe<\/strong><span style=\"line-height: 1.5;\"> <\/span><\/p>\n<p>Le recours au trait d\u2019union permet d\u2019\u00e9viter les difficult\u00e9s de lecture et de prononciation lorsque la fusion de deux lettres donnerait lieu \u00e0 une syllabe. C\u2019est notamment lorsque <em>a<\/em> et <em>i <\/em>(qui formeraient la syllabe <em>ai<\/em>), <em>a<\/em> et <em>u <\/em>(<em>au<\/em>), <em>o<\/em> et <em>i <\/em>(<em>oi<\/em>), <em>o<\/em> et <em>u<\/em> (<em>ou<\/em>) se suivent que le trait d\u2019union est de mise.<\/p>\n<p><em>extr<u>a-u<\/u>t\u00e9rin<\/em> et non *<em>extr<u>au<\/u>t\u00e9rin<\/em><\/p>\n<p><em>bi<u>o-i<\/u>ndustrie<\/em> et non *<em>bi<u>oi<\/u>ndustrie<\/em><\/p>\n<p><strong>Lorsque le second \u00e9l\u00e9ment est un nom propre, un sigle ou un gentil\u00e9<\/strong><\/p>\n<p><a href=\"http:\/\/http:\/\/traductionquebec.com\/wp-content\/uploads\/2016\/05\/regles-ecriture-des-mots-formes-avec-un-prefixe-nations-unis.jpg\"><img decoding=\"async\" loading=\"lazy\" class=\"alignleft size-medium wp-image-1699 portfolio-lazyLoad\" src=\"http:\/\/http:\/\/traductionquebec.com\/wp-content\/uploads\/2016\/05\/regles-ecriture-des-mots-formes-avec-un-prefixe-nations-unis-300x209.jpg\" data-original=\"http:\/\/http:\/\/traductionquebec.com\/wp-content\/uploads\/2016\/05\/regles-ecriture-des-mots-formes-avec-un-prefixe-nations-unis-300x209.jpg\" alt=\"regles-ecriture-des-mots-formes-avec-un-prefixe-nations-unis\" width=\"300\" height=\"209\" srcset=\"https:\/\/traductionquebec.com\/wp-content\/uploads\/2016\/05\/regles-ecriture-des-mots-formes-avec-un-prefixe-nations-unis-300x209.jpg 300w, https:\/\/traductionquebec.com\/wp-content\/uploads\/2016\/05\/regles-ecriture-des-mots-formes-avec-un-prefixe-nations-unis-768x534.jpg 768w, https:\/\/traductionquebec.com\/wp-content\/uploads\/2016\/05\/regles-ecriture-des-mots-formes-avec-un-prefixe-nations-unis-1024x712.jpg 1024w, https:\/\/traductionquebec.com\/wp-content\/uploads\/2016\/05\/regles-ecriture-des-mots-formes-avec-un-prefixe-nations-unis.jpg 1500w\" sizes=\"(max-width: 300px) 100vw, 300px\" \/><noscript><img decoding=\"async\" loading=\"lazy\" class=\"alignleft size-medium wp-image-1699 portfolio-lazyLoad\" src=\"http:\/\/http:\/\/traductionquebec.com\/wp-content\/uploads\/2016\/05\/regles-ecriture-des-mots-formes-avec-un-prefixe-nations-unis-300x209.jpg\" alt=\"regles-ecriture-des-mots-formes-avec-un-prefixe-nations-unis\" width=\"300\" height=\"209\" srcset=\"https:\/\/traductionquebec.com\/wp-content\/uploads\/2016\/05\/regles-ecriture-des-mots-formes-avec-un-prefixe-nations-unis-300x209.jpg 300w, https:\/\/traductionquebec.com\/wp-content\/uploads\/2016\/05\/regles-ecriture-des-mots-formes-avec-un-prefixe-nations-unis-768x534.jpg 768w, https:\/\/traductionquebec.com\/wp-content\/uploads\/2016\/05\/regles-ecriture-des-mots-formes-avec-un-prefixe-nations-unis-1024x712.jpg 1024w, https:\/\/traductionquebec.com\/wp-content\/uploads\/2016\/05\/regles-ecriture-des-mots-formes-avec-un-prefixe-nations-unis.jpg 1500w\" sizes=\"(max-width: 300px) 100vw, 300px\" \/><\/noscript><\/a>Si l\u2019\u00e9l\u00e9ment qui suit le pr\u00e9fixe est un nom propre, un sigle ou un gentil\u00e9, le trait d\u2019union est <u>obligatoire<\/u> : <em>pro-Canadiens<\/em>, <em>anti-Am\u00e9ricains<\/em>, <em>N\u00e9o-Qu\u00e9b\u00e9cois<\/em> (l\u2019expression est alors un nom propre), <em>n\u00e9o-z\u00e9landais <\/em>(l\u2019expression est alors un adjectif), <em>pro-ONU<\/em>.<\/p>\n<p><strong>Lorsque le nom compos\u00e9 n\u2019est pas fig\u00e9<\/strong><\/p>\n<p>Si le nom compos\u00e9 n\u2019est pas fig\u00e9 et qu\u2019il est utilis\u00e9 occasionnellement, c\u2019est probablement parce qu\u2019il s\u2019agit d\u2019une cr\u00e9ation lexicale spontan\u00e9e. Dans de tels cas, les r\u00e8gles ne sont malheureusement pas fixes\u2026<\/p>\n<p>Le trait d\u2019union est <u>facultatif<\/u> dans des mots form\u00e9s avec <em>archi-<\/em> lorsque le pr\u00e9fixe a le sens de \u00ab tr\u00e8s \u00bb (<em><u>archi<\/u>facile<\/em> ou <em><u>archi-<\/u>facile<\/em>). Le trait d&#8217;union est \u00e9galement facultatif lorsque le mot est peu attest\u00e9 (<em><u>super-<\/u>chic<\/em> ou <em><u>super<\/u>chic<\/em>, <em><u>ultra<\/u>compliqu\u00e9<\/em> ou <em><u>ultra-<\/u>compliqu\u00e9<\/em>). Toutefois, si un mot est form\u00e9 \u00e0 partir de <em>pseudo-<\/em> et que celui-ci exprime une id\u00e9e de \u00ab fausset\u00e9 \u00bb, le trait d\u2019union est <u>obligatoire<\/u> (<em><u>pseudo-<\/u>philosophe<\/em>).<\/p>\n<p>Bref, si on se trouve en pr\u00e9sence d\u2019une cr\u00e9ation lexicale spontan\u00e9e, il vaut mieux faire quelques recherches pour consulter les r\u00e8gles d\u2019\u00e9criture qui s\u2019appliquent, celles-ci pouvant varier selon le pr\u00e9fixe utilis\u00e9.<em> <\/em><\/p>\n<p><strong>La marque du pluriel (et le cas de <em>multi-<\/em>!)<\/strong><strong> <\/strong><\/p>\n<p>De fa\u00e7on g\u00e9n\u00e9rale, on indique le pluriel \u00e0 la toute fin du mot soud\u00e9 (<em><u>a\u00e9ro<\/u>ports<\/em>, <em><u>m\u00e9ga<\/u>octets<\/em>) ou du second \u00e9l\u00e9ment si le mot comporte un trait d\u2019union (<em><u>micro-<\/u>ordinateurs<\/em>, <em><u>micro-<\/u>organismes<\/em>). Par contre, certains adjectifs ou noms form\u00e9s de cette fa\u00e7on sont invariables (<em><u>anti<\/u>dopage<\/em>, par exemple), alors une petite v\u00e9rification peut s\u2019imposer en cas de doute!<\/p>\n<p>Par ailleurs, l\u2019\u00e9criture de mots form\u00e9s \u00e0 partir de <em>multi-<\/em> pose parfois probl\u00e8me. Il faut savoir que m\u00eame si ce pr\u00e9fixe signifie \u00ab plusieurs \u00bb, le nom qui le suit demeure au singulier et ne prend la marque du pluriel que lorsque le contexte le demande.<\/p>\n<p>Ce syst\u00e8me <strong><u>multi<\/u>piste<\/strong> permet d\u2019enregistrer des donn\u00e9es.<\/p>\n<p>Ces syst\u00e8mes <strong><u>multi<\/u>pistes<\/strong> permettent d\u2019enregistrer des donn\u00e9es.<\/p>\n<!-- AddThis Advanced Settings generic via filter on the_content --><!-- AddThis Share Buttons generic via filter on the_content -->","protected":false},"excerpt":{"rendered":"<p>Quelles sont les r\u00e8gles qui concernent l\u2019\u00e9criture des mots form\u00e9s avec un pr\u00e9fixe ou un \u00e9l\u00e9ment grec ou latin? Doit-on ou non recourir au trait d\u2019union? Si oui, dans quel contexte? Et o\u00f9 doit-on inscrire la marque du pluriel lorsque nous sommes en pr\u00e9sence d\u2019un mot compos\u00e9? Mots form\u00e9s avec un pr\u00e9fixe R\u00e8gle g\u00e9n\u00e9rale De&hellip;<\/p>\n<p><a href=\"https:\/\/traductionquebec.com\/en\/domaine-de-la-traduction-en\/regles-decriture-des-mots-formes-avec-un-prefixe\/\" class=\"read-more-link\">Read More &rarr;<\/a><\/p>\n<p><!-- AddThis Advanced Settings generic via filter on get_the_excerpt --><!-- AddThis Share Buttons generic via filter on get_the_excerpt --><\/p>\n","protected":false},"author":1,"featured_media":2666,"comment_status":"closed","ping_status":"closed","sticky":false,"template":"","format":"standard","meta":[],"categories":[74],"tags":[],"yoast_head":"<!-- This site is optimized with the Yoast SEO plugin v21.8.1 - https:\/\/yoast.com\/wordpress\/plugins\/seo\/ -->\n<title>R\u00e8gles d&#039;\u00e9criture des mots form\u00e9s avec un pr\u00e9fixe - TQ<\/title>\n<meta name=\"description\" content=\"Quelles sont les r\u00e8gles qui concernent l\u2019\u00e9criture des mots form\u00e9s avec un pr\u00e9fixe ou un \u00e9l\u00e9ment grec ou latin? Doit-on ou non recourir au trait d\u2019union?\" \/>\n<meta name=\"robots\" content=\"index, follow, max-snippet:-1, max-image-preview:large, max-video-preview:-1\" \/>\n<link rel=\"canonical\" href=\"https:\/\/traductionquebec.com\/en\/domaine-de-la-traduction-en\/regles-decriture-des-mots-formes-avec-un-prefixe\/\" \/>\n<meta property=\"og:locale\" content=\"en_US\" \/>\n<meta property=\"og:type\" content=\"article\" \/>\n<meta property=\"og:title\" content=\"R\u00e8gles d&#039;\u00e9criture des mots form\u00e9s avec un pr\u00e9fixe - TQ\" \/>\n<meta property=\"og:description\" content=\"Quelles sont les r\u00e8gles qui concernent l\u2019\u00e9criture des mots form\u00e9s avec un pr\u00e9fixe ou un \u00e9l\u00e9ment grec ou latin? Doit-on ou non recourir au trait d\u2019union?\" \/>\n<meta property=\"og:url\" content=\"https:\/\/traductionquebec.com\/en\/domaine-de-la-traduction-en\/regles-decriture-des-mots-formes-avec-un-prefixe\/\" \/>\n<meta property=\"og:site_name\" content=\"TQ\" \/>\n<meta property=\"article:published_time\" content=\"2016-05-06T19:18:41+00:00\" \/>\n<meta property=\"og:image\" content=\"https:\/\/traductionquebec.com\/wp-content\/uploads\/2016\/05\/regles-ecriture-des-mots-formes-avec-un-prefixe.jpg\" \/>\n\t<meta property=\"og:image:width\" content=\"1500\" \/>\n\t<meta property=\"og:image:height\" content=\"733\" \/>\n\t<meta property=\"og:image:type\" content=\"image\/jpeg\" \/>\n<meta name=\"author\" content=\"admin\" \/>\n<meta name=\"twitter:label1\" content=\"Written by\" \/>\n\t<meta name=\"twitter:data1\" content=\"admin\" \/>\n\t<meta name=\"twitter:label2\" content=\"Est. reading time\" \/>\n\t<meta name=\"twitter:data2\" content=\"3 minutes\" \/>\n<script type=\"application\/ld+json\" class=\"yoast-schema-graph\">{\"@context\":\"https:\/\/schema.org\",\"@graph\":[{\"@type\":\"WebPage\",\"@id\":\"https:\/\/traductionquebec.com\/en\/domaine-de-la-traduction-en\/regles-decriture-des-mots-formes-avec-un-prefixe\/\",\"url\":\"https:\/\/traductionquebec.com\/en\/domaine-de-la-traduction-en\/regles-decriture-des-mots-formes-avec-un-prefixe\/\",\"name\":\"R\u00e8gles d'\u00e9criture des mots form\u00e9s avec un pr\u00e9fixe - TQ\",\"isPartOf\":{\"@id\":\"https:\/\/traductionquebec.com\/#website\"},\"datePublished\":\"2016-05-06T19:18:41+00:00\",\"dateModified\":\"2016-05-06T19:18:41+00:00\",\"author\":{\"@id\":\"https:\/\/traductionquebec.com\/#\/schema\/person\/255212e08893218604b3aa1675d3dbbd\"},\"description\":\"Quelles sont les r\u00e8gles qui concernent l\u2019\u00e9criture des mots form\u00e9s avec un pr\u00e9fixe ou un \u00e9l\u00e9ment grec ou latin? Doit-on ou non recourir au trait d\u2019union?\",\"breadcrumb\":{\"@id\":\"https:\/\/traductionquebec.com\/en\/domaine-de-la-traduction-en\/regles-decriture-des-mots-formes-avec-un-prefixe\/#breadcrumb\"},\"inLanguage\":\"en-US\",\"potentialAction\":[{\"@type\":\"ReadAction\",\"target\":[\"https:\/\/traductionquebec.com\/en\/domaine-de-la-traduction-en\/regles-decriture-des-mots-formes-avec-un-prefixe\/\"]}]},{\"@type\":\"BreadcrumbList\",\"@id\":\"https:\/\/traductionquebec.com\/en\/domaine-de-la-traduction-en\/regles-decriture-des-mots-formes-avec-un-prefixe\/#breadcrumb\",\"itemListElement\":[{\"@type\":\"ListItem\",\"position\":1,\"name\":\"Home\",\"item\":\"https:\/\/traductionquebec.com\/en\/traduction-quebec-quebec-based-translation-agency\/\"},{\"@type\":\"ListItem\",\"position\":2,\"name\":\"R\u00e8gles d&rsquo;\u00e9criture des mots form\u00e9s avec un pr\u00e9fixe\"}]},{\"@type\":\"WebSite\",\"@id\":\"https:\/\/traductionquebec.com\/#website\",\"url\":\"https:\/\/traductionquebec.com\/\",\"name\":\"TQ\",\"description\":\"Agence de traduction \u00e0 Qu\u00e9bec | Quebec-based Translation Agency\",\"potentialAction\":[{\"@type\":\"SearchAction\",\"target\":{\"@type\":\"EntryPoint\",\"urlTemplate\":\"https:\/\/traductionquebec.com\/?s={search_term_string}\"},\"query-input\":\"required name=search_term_string\"}],\"inLanguage\":\"en-US\"},{\"@type\":\"Person\",\"@id\":\"https:\/\/traductionquebec.com\/#\/schema\/person\/255212e08893218604b3aa1675d3dbbd\",\"name\":\"admin\",\"image\":{\"@type\":\"ImageObject\",\"inLanguage\":\"en-US\",\"@id\":\"https:\/\/traductionquebec.com\/#\/schema\/person\/image\/\",\"url\":\"https:\/\/secure.gravatar.com\/avatar\/e1cdb1dcbc7f7e0c6666ba2d4c8d2946?s=96&d=mm&r=g\",\"contentUrl\":\"https:\/\/secure.gravatar.com\/avatar\/e1cdb1dcbc7f7e0c6666ba2d4c8d2946?s=96&d=mm&r=g\",\"caption\":\"admin\"},\"url\":\"https:\/\/traductionquebec.com\/en\/author\/admin\/\"}]}<\/script>\n<!-- \/ Yoast SEO plugin. -->","yoast_head_json":{"title":"R\u00e8gles d'\u00e9criture des mots form\u00e9s avec un pr\u00e9fixe - TQ","description":"Quelles sont les r\u00e8gles qui concernent l\u2019\u00e9criture des mots form\u00e9s avec un pr\u00e9fixe ou un \u00e9l\u00e9ment grec ou latin? Doit-on ou non recourir au trait d\u2019union?","robots":{"index":"index","follow":"follow","max-snippet":"max-snippet:-1","max-image-preview":"max-image-preview:large","max-video-preview":"max-video-preview:-1"},"canonical":"https:\/\/traductionquebec.com\/en\/domaine-de-la-traduction-en\/regles-decriture-des-mots-formes-avec-un-prefixe\/","og_locale":"en_US","og_type":"article","og_title":"R\u00e8gles d'\u00e9criture des mots form\u00e9s avec un pr\u00e9fixe - TQ","og_description":"Quelles sont les r\u00e8gles qui concernent l\u2019\u00e9criture des mots form\u00e9s avec un pr\u00e9fixe ou un \u00e9l\u00e9ment grec ou latin? Doit-on ou non recourir au trait d\u2019union?","og_url":"https:\/\/traductionquebec.com\/en\/domaine-de-la-traduction-en\/regles-decriture-des-mots-formes-avec-un-prefixe\/","og_site_name":"TQ","article_published_time":"2016-05-06T19:18:41+00:00","og_image":[{"width":1500,"height":733,"url":"https:\/\/traductionquebec.com\/wp-content\/uploads\/2016\/05\/regles-ecriture-des-mots-formes-avec-un-prefixe.jpg","type":"image\/jpeg"}],"author":"admin","twitter_misc":{"Written by":"admin","Est. reading time":"3 minutes"},"schema":{"@context":"https:\/\/schema.org","@graph":[{"@type":"WebPage","@id":"https:\/\/traductionquebec.com\/en\/domaine-de-la-traduction-en\/regles-decriture-des-mots-formes-avec-un-prefixe\/","url":"https:\/\/traductionquebec.com\/en\/domaine-de-la-traduction-en\/regles-decriture-des-mots-formes-avec-un-prefixe\/","name":"R\u00e8gles d'\u00e9criture des mots form\u00e9s avec un pr\u00e9fixe - TQ","isPartOf":{"@id":"https:\/\/traductionquebec.com\/#website"},"datePublished":"2016-05-06T19:18:41+00:00","dateModified":"2016-05-06T19:18:41+00:00","author":{"@id":"https:\/\/traductionquebec.com\/#\/schema\/person\/255212e08893218604b3aa1675d3dbbd"},"description":"Quelles sont les r\u00e8gles qui concernent l\u2019\u00e9criture des mots form\u00e9s avec un pr\u00e9fixe ou un \u00e9l\u00e9ment grec ou latin? Doit-on ou non recourir au trait d\u2019union?","breadcrumb":{"@id":"https:\/\/traductionquebec.com\/en\/domaine-de-la-traduction-en\/regles-decriture-des-mots-formes-avec-un-prefixe\/#breadcrumb"},"inLanguage":"en-US","potentialAction":[{"@type":"ReadAction","target":["https:\/\/traductionquebec.com\/en\/domaine-de-la-traduction-en\/regles-decriture-des-mots-formes-avec-un-prefixe\/"]}]},{"@type":"BreadcrumbList","@id":"https:\/\/traductionquebec.com\/en\/domaine-de-la-traduction-en\/regles-decriture-des-mots-formes-avec-un-prefixe\/#breadcrumb","itemListElement":[{"@type":"ListItem","position":1,"name":"Home","item":"https:\/\/traductionquebec.com\/en\/traduction-quebec-quebec-based-translation-agency\/"},{"@type":"ListItem","position":2,"name":"R\u00e8gles d&rsquo;\u00e9criture des mots form\u00e9s avec un pr\u00e9fixe"}]},{"@type":"WebSite","@id":"https:\/\/traductionquebec.com\/#website","url":"https:\/\/traductionquebec.com\/","name":"TQ","description":"Agence de traduction \u00e0 Qu\u00e9bec | Quebec-based Translation Agency","potentialAction":[{"@type":"SearchAction","target":{"@type":"EntryPoint","urlTemplate":"https:\/\/traductionquebec.com\/?s={search_term_string}"},"query-input":"required name=search_term_string"}],"inLanguage":"en-US"},{"@type":"Person","@id":"https:\/\/traductionquebec.com\/#\/schema\/person\/255212e08893218604b3aa1675d3dbbd","name":"admin","image":{"@type":"ImageObject","inLanguage":"en-US","@id":"https:\/\/traductionquebec.com\/#\/schema\/person\/image\/","url":"https:\/\/secure.gravatar.com\/avatar\/e1cdb1dcbc7f7e0c6666ba2d4c8d2946?s=96&d=mm&r=g","contentUrl":"https:\/\/secure.gravatar.com\/avatar\/e1cdb1dcbc7f7e0c6666ba2d4c8d2946?s=96&d=mm&r=g","caption":"admin"},"url":"https:\/\/traductionquebec.com\/en\/author\/admin\/"}]}},"_links":{"self":[{"href":"https:\/\/traductionquebec.com\/en\/wp-json\/wp\/v2\/posts\/2577"}],"collection":[{"href":"https:\/\/traductionquebec.com\/en\/wp-json\/wp\/v2\/posts"}],"about":[{"href":"https:\/\/traductionquebec.com\/en\/wp-json\/wp\/v2\/types\/post"}],"author":[{"embeddable":true,"href":"https:\/\/traductionquebec.com\/en\/wp-json\/wp\/v2\/users\/1"}],"replies":[{"embeddable":true,"href":"https:\/\/traductionquebec.com\/en\/wp-json\/wp\/v2\/comments?post=2577"}],"version-history":[{"count":0,"href":"https:\/\/traductionquebec.com\/en\/wp-json\/wp\/v2\/posts\/2577\/revisions"}],"wp:featuredmedia":[{"embeddable":true,"href":"https:\/\/traductionquebec.com\/en\/wp-json\/wp\/v2\/media\/2666"}],"wp:attachment":[{"href":"https:\/\/traductionquebec.com\/en\/wp-json\/wp\/v2\/media?parent=2577"}],"wp:term":[{"taxonomy":"category","embeddable":true,"href":"https:\/\/traductionquebec.com\/en\/wp-json\/wp\/v2\/categories?post=2577"},{"taxonomy":"post_tag","embeddable":true,"href":"https:\/\/traductionquebec.com\/en\/wp-json\/wp\/v2\/tags?post=2577"}],"curies":[{"name":"wp","href":"https:\/\/api.w.org\/{rel}","templated":true}]}}